{"id":24104,"date":"2017-04-03T12:59:00","date_gmt":"2017-04-03T12:59:00","guid":{"rendered":"https:\/\/www.maapprogram.org\/?p=24104"},"modified":"2024-09-27T13:50:20","modified_gmt":"2024-09-27T13:50:20","slug":"maap-56-portugues","status":"publish","type":"post","link":"https:\/\/www.maapprogram.org\/pt-br\/maap-56-portugues\/","title":{"rendered":"MAAP #56: Grandes inunda\u00e7\u00f5es no norte do Peru causadas pelo fen\u00f4meno El Ni\u00f1o costeiro"},"content":{"rendered":"<div id=\"attachment_5672\" class=\"thumbnail alignleft\"><a href=\"https:\/\/www.maapprogram.org\/wp-content\/uploads\/2017\/03\/MAAP_Floods_0_v1_en.jpg\"><img decoding=\"async\" class=\" wp-image-5672\" src=\"https:\/\/www.maapprogram.org\/wp-content\/uploads\/2017\/03\/MAAP_Floods_0_v1_en.jpg\" alt=\"\" width=\"600\" height=\"729\" \/><\/a><div class=\"caption\"><span>Imagem 56. Dados: NASA, ESA, JRC\/Google<\/span><\/div><\/div>\n<p><span>Chuvas intensas est\u00e3o causando inunda\u00e7\u00f5es graves e mortais ao longo da costa norte do Peru.<\/span><\/p>\n<p><span>A causa provavelmente \u00e9 o \u201cEl Ni\u00f1o costeiro\u201d, um fen\u00f4meno produzido pelo aquecimento anormal do oceano ao longo da costa equatorial do Oceano Pac\u00edfico.<\/span><\/p>\n<p><strong><span>A Imagem 56<\/span><\/strong><span>\u00a0mostra uma estimativa preliminar das \u00e1reas inundadas ao longo da costa norte (em vermelho). Criamos essa estimativa por meio de uma an\u00e1lise de imagens de radar (Sentinel-1) que identificaram \u00e1reas saturadas com \u00e1gua.<\/span><\/p>\n<p><span>Abaixo, mostramos imagens de sat\u00e9lite das \u00e1reas indicadas pelos Insets AD, que representam exemplos de eventos de inunda\u00e7\u00e3o.<\/span><\/p>\n<p><span>Observe que os pontos vermelhos indicam os mesmos pontos entre os pain\u00e9is.<\/span><\/p>\n<div id=\"attachment_5673\" class=\"thumbnail aligncenter\"><a href=\"https:\/\/www.maapprogram.org\/wp-content\/uploads\/2017\/03\/MAAP_Floods_A_m_v1_en.jpg\"><img decoding=\"async\" class=\"size-full wp-image-5673\" src=\"https:\/\/www.maapprogram.org\/wp-content\/uploads\/2017\/03\/MAAP_Floods_A_m_v1_en.jpg\" alt=\"\" width=\"1765\" height=\"706\" \/><\/a><div class=\"caption\"><span>Imagem 56a. Dados: ESA<\/span><\/div><\/div>\n<div class=\"fitem-sep\"><\/div>\n<h3><strong><span>Inunda\u00e7\u00f5es que afetam cidades, infraestrutura e planta\u00e7\u00f5es<\/span><\/strong><\/h3>\n<p><strong><span>A imagem 56b<\/span><\/strong><span>\u00a0mostra \u00e1reas onde as inunda\u00e7\u00f5es afetaram a rodovia Pan-Americana entre janeiro (painel esquerdo) e mar\u00e7o (painel direito) na regi\u00e3o de Lambayeque.\u00a0<\/span><strong><span>A imagem 56c<\/span><\/strong><span>\u00a0mostra um zoom do transbordamento do Rio La Leche e a inunda\u00e7\u00e3o de \u00e1reas agr\u00edcolas ao redor da rodovia.\u00a0\u00a0<\/span><strong><span>A imagem 56d<\/span><\/strong><span>\u00a0\u00a0mostra a inunda\u00e7\u00e3o do Rio Reque e o impacto em \u00e1reas agr\u00edcolas e zonas urbanas.<\/span><\/p>\n<div id=\"attachment_5674\" class=\"thumbnail aligncenter\"><a href=\"https:\/\/www.maapprogram.org\/wp-content\/uploads\/2017\/03\/MAAP_Floods_B_m_v2_en.jpg\"><img decoding=\"async\" class=\"size-full wp-image-5674\" src=\"https:\/\/www.maapprogram.org\/wp-content\/uploads\/2017\/03\/MAAP_Floods_B_m_v2_en.jpg\" alt=\"\" width=\"1424\" height=\"707\" \/><\/a><div class=\"caption\"><span>Imagem 56b. Dados: ESA, NASA\/USGS<\/span><\/div><\/div>\n<div id=\"attachment_5675\" class=\"thumbnail aligncenter\"><a href=\"https:\/\/www.maapprogram.org\/wp-content\/uploads\/2017\/03\/MAAP_Floods_C_m_v1_en.jpg\"><img decoding=\"async\" class=\"size-full wp-image-5675\" src=\"https:\/\/www.maapprogram.org\/wp-content\/uploads\/2017\/03\/MAAP_Floods_C_m_v1_en.jpg\" alt=\"\" width=\"1426\" height=\"704\" \/><\/a><div class=\"caption\"><span>Imagem 56c. Dados: ESA<\/span><\/div><\/div>\n<div id=\"attachment_5676\" class=\"thumbnail aligncenter\"><a href=\"https:\/\/www.maapprogram.org\/wp-content\/uploads\/2017\/03\/MAAP_Floods_D_m_v1_en.jpg\"><img decoding=\"async\" class=\"wp-image-5676 size-full\" src=\"https:\/\/www.maapprogram.org\/wp-content\/uploads\/2017\/03\/MAAP_Floods_D_m_v1_en.jpg\" alt=\"\" width=\"1422\" height=\"704\" \/><\/a><div class=\"caption\"><span>Imagem 56d. Dados: Planeta<\/span><\/div><\/div>\n<div class=\"fitem-sep\"><\/div>\n<h3><strong><span>Refer\u00eancias<\/span><\/strong><\/h3>\n<div>\n<div class=\"m_-6592335847785694723m_-5723674976146938939m_-5769459210532064080gmail_signature\">\n<div dir=\"ltr\">\n<div dir=\"ltr\">\n<div dir=\"ltr\">\n<div dir=\"ltr\">\n<div dir=\"ltr\"><span>Planet Team (2017). Planet Application Program Interface: No espa\u00e7o para a vida na Terra. S\u00e3o Francisco, CA.\u00a0<\/span><a class=\"external external_icon\" href=\"https:\/\/api.planet.com\/\" target=\"_blank\" rel=\"nofollow noopener\"><span>https:\/\/api.planet.com<\/span><\/a><\/div>\n<\/div>\n<\/div>\n<\/div>\n<\/div>\n<\/div>\n<\/div>\n<div>\n<div class=\"m_-6592335847785694723m_-5723674976146938939m_-5769459210532064080gmail_signature\">\n<div dir=\"ltr\">\n<div dir=\"ltr\">\n<div dir=\"ltr\">\n<div dir=\"ltr\"><\/div>\n<\/div>\n<\/div>\n<\/div>\n<\/div>\n<\/div>\n<div class=\"fitem-sep\"><\/div>\n<h3><strong><span>Cita\u00e7\u00e3o<\/span><\/strong><\/h3>\n<p><span>Novoa S, Finer M (2017) Grandes inunda\u00e7\u00f5es no norte do Peru causadas pelo El Ni\u00f1o costeiro. MAAP: 56.<\/span><\/p>\n<h3><span style=\"font-size: 16px;\"> <div class=\"fitem-sep\"><\/div><\/span><\/h3>\n","protected":false},"excerpt":{"rendered":"<p>Chuvas intensas est\u00e3o causando inunda\u00e7\u00f5es graves e mortais ao longo da costa norte do Peru. A causa provavelmente \u00e9 o \u201cEl Ni\u00f1o costeiro\u201d, um fen\u00f4meno produzido pelo aquecimento anormal do oceano ao longo da costa equatorial do Oceano Pac\u00edfico. A Imagem 56\u00a0mostra uma estimativa preliminar das \u00e1reas inundadas ao longo da costa norte (em vermelho). [&hellip;]<\/p>\n","protected":false},"author":4,"featured_media":0,"comment_status":"open","ping_status":"open","sticky":false,"template":"","format":"standard","meta":{"_acf_changed":false,"footnotes":""},"categories":[3],"tags":[],"ftr_agriculture":[],"carbon-and-climate-change":[],"ftr_country":[400],"fire":[],"infrastructure-threat":[],"land-use":[],"mining-and-logging-threat":[],"natural-forest-loss":[462],"special-analysis":[],"class_list":["post-24104","post","type-post","status-publish","format-standard","hentry","category-nao-categorizado","ftr_country-peru","natural-forest-loss-inundacoes"],"acf":[],"yoast_head":"<!-- This site is optimized with the Yoast SEO plugin v27.3 - https:\/\/yoast.com\/product\/yoast-seo-wordpress\/ -->\n<title>MAAP #56: Grandes inunda\u00e7\u00f5es no norte do Peru causadas pelo fen\u00f4meno El Ni\u00f1o costeiro - MAAP<\/title>\n<meta name=\"robots\" content=\"index, follow, max-snippet:-1, max-image-preview:large, max-video-preview:-1\" \/>\n<link rel=\"canonical\" href=\"https:\/\/www.maapprogram.org\/pt-br\/maap-56-portugues\/\" \/>\n<meta property=\"og:locale\" content=\"pt_BR\" \/>\n<meta property=\"og:type\" content=\"article\" \/>\n<meta property=\"og:title\" content=\"MAAP #56: Grandes inunda\u00e7\u00f5es no norte do Peru causadas pelo fen\u00f4meno El Ni\u00f1o costeiro - MAAP\" \/>\n<meta property=\"og:description\" content=\"Chuvas intensas est\u00e3o causando inunda\u00e7\u00f5es graves e mortais ao longo da costa norte do Peru. A causa provavelmente \u00e9 o \u201cEl Ni\u00f1o costeiro\u201d, um fen\u00f4meno produzido pelo aquecimento anormal do oceano ao longo da costa equatorial do Oceano Pac\u00edfico. A Imagem 56\u00a0mostra uma estimativa preliminar das \u00e1reas inundadas ao longo da costa norte (em vermelho). [&hellip;]\" \/>\n<meta property=\"og:url\" content=\"https:\/\/www.maapprogram.org\/pt-br\/maap-56-portugues\/\" \/>\n<meta property=\"og:site_name\" content=\"MAAP\" \/>\n<meta property=\"article:published_time\" content=\"2017-04-03T12:59:00+00:00\" \/>\n<meta property=\"article:modified_time\" content=\"2024-09-27T13:50:20+00:00\" \/>\n<meta property=\"og:image\" content=\"https:\/\/www.maapprogram.org\/wp-content\/uploads\/2017\/03\/MAAP_Floods_0_v1_en.jpg\" \/>\n<meta name=\"author\" content=\"MAAP Consultants\" \/>\n<meta name=\"twitter:card\" content=\"summary_large_image\" \/>\n<meta name=\"twitter:label1\" content=\"Escrito por\" \/>\n\t<meta name=\"twitter:data1\" content=\"MAAP Consultants\" \/>\n\t<meta name=\"twitter:label2\" content=\"Est. tempo de leitura\" \/>\n\t<meta name=\"twitter:data2\" content=\"3 minutos\" \/>\n<script type=\"application\/ld+json\" class=\"yoast-schema-graph\">{\"@context\":\"https:\\\/\\\/schema.org\",\"@graph\":[{\"@type\":\"Article\",\"@id\":\"https:\\\/\\\/www.maapprogram.org\\\/pt-br\\\/maap-56-portugues\\\/#article\",\"isPartOf\":{\"@id\":\"https:\\\/\\\/www.maapprogram.org\\\/pt-br\\\/maap-56-portugues\\\/\"},\"author\":{\"name\":\"MAAP Consultants\",\"@id\":\"https:\\\/\\\/www.maapprogram.org\\\/pt-br\\\/#\\\/schema\\\/person\\\/2f7133e3c0723ceecd6dabc9b4f198ce\"},\"headline\":\"MAAP #56: Grandes inunda\u00e7\u00f5es no norte do Peru causadas pelo fen\u00f4meno El Ni\u00f1o costeiro\",\"datePublished\":\"2017-04-03T12:59:00+00:00\",\"dateModified\":\"2024-09-27T13:50:20+00:00\",\"mainEntityOfPage\":{\"@id\":\"https:\\\/\\\/www.maapprogram.org\\\/pt-br\\\/maap-56-portugues\\\/\"},\"wordCount\":315,\"commentCount\":0,\"image\":{\"@id\":\"https:\\\/\\\/www.maapprogram.org\\\/pt-br\\\/maap-56-portugues\\\/#primaryimage\"},\"thumbnailUrl\":\"https:\\\/\\\/www.maapprogram.org\\\/wp-content\\\/uploads\\\/2017\\\/03\\\/MAAP_Floods_0_v1_en.jpg\",\"articleSection\":[\"N\u00e3o categorizado\"],\"inLanguage\":\"pt-BR\",\"potentialAction\":[{\"@type\":\"CommentAction\",\"name\":\"Comment\",\"target\":[\"https:\\\/\\\/www.maapprogram.org\\\/pt-br\\\/maap-56-portugues\\\/#respond\"]}]},{\"@type\":\"WebPage\",\"@id\":\"https:\\\/\\\/www.maapprogram.org\\\/pt-br\\\/maap-56-portugues\\\/\",\"url\":\"https:\\\/\\\/www.maapprogram.org\\\/pt-br\\\/maap-56-portugues\\\/\",\"name\":\"MAAP #56: Grandes inunda\u00e7\u00f5es no norte do Peru causadas pelo fen\u00f4meno El Ni\u00f1o costeiro - MAAP\",\"isPartOf\":{\"@id\":\"https:\\\/\\\/www.maapprogram.org\\\/pt-br\\\/#website\"},\"primaryImageOfPage\":{\"@id\":\"https:\\\/\\\/www.maapprogram.org\\\/pt-br\\\/maap-56-portugues\\\/#primaryimage\"},\"image\":{\"@id\":\"https:\\\/\\\/www.maapprogram.org\\\/pt-br\\\/maap-56-portugues\\\/#primaryimage\"},\"thumbnailUrl\":\"https:\\\/\\\/www.maapprogram.org\\\/wp-content\\\/uploads\\\/2017\\\/03\\\/MAAP_Floods_0_v1_en.jpg\",\"datePublished\":\"2017-04-03T12:59:00+00:00\",\"dateModified\":\"2024-09-27T13:50:20+00:00\",\"author\":{\"@id\":\"https:\\\/\\\/www.maapprogram.org\\\/pt-br\\\/#\\\/schema\\\/person\\\/2f7133e3c0723ceecd6dabc9b4f198ce\"},\"breadcrumb\":{\"@id\":\"https:\\\/\\\/www.maapprogram.org\\\/pt-br\\\/maap-56-portugues\\\/#breadcrumb\"},\"inLanguage\":\"pt-BR\",\"potentialAction\":[{\"@type\":\"ReadAction\",\"target\":[\"https:\\\/\\\/www.maapprogram.org\\\/pt-br\\\/maap-56-portugues\\\/\"]}]},{\"@type\":\"ImageObject\",\"inLanguage\":\"pt-BR\",\"@id\":\"https:\\\/\\\/www.maapprogram.org\\\/pt-br\\\/maap-56-portugues\\\/#primaryimage\",\"url\":\"https:\\\/\\\/www.maapprogram.org\\\/wp-content\\\/uploads\\\/2017\\\/03\\\/MAAP_Floods_0_v1_en.jpg\",\"contentUrl\":\"https:\\\/\\\/www.maapprogram.org\\\/wp-content\\\/uploads\\\/2017\\\/03\\\/MAAP_Floods_0_v1_en.jpg\"},{\"@type\":\"BreadcrumbList\",\"@id\":\"https:\\\/\\\/www.maapprogram.org\\\/pt-br\\\/maap-56-portugues\\\/#breadcrumb\",\"itemListElement\":[{\"@type\":\"ListItem\",\"position\":1,\"name\":\"Home\",\"item\":\"https:\\\/\\\/www.maapprogram.org\\\/pt-br\\\/\"},{\"@type\":\"ListItem\",\"position\":2,\"name\":\"MAAP #56: Grandes inunda\u00e7\u00f5es no norte do Peru causadas pelo fen\u00f4meno El Ni\u00f1o costeiro\"}]},{\"@type\":\"WebSite\",\"@id\":\"https:\\\/\\\/www.maapprogram.org\\\/pt-br\\\/#website\",\"url\":\"https:\\\/\\\/www.maapprogram.org\\\/pt-br\\\/\",\"name\":\"MAAP\",\"description\":\"\",\"potentialAction\":[{\"@type\":\"SearchAction\",\"target\":{\"@type\":\"EntryPoint\",\"urlTemplate\":\"https:\\\/\\\/www.maapprogram.org\\\/pt-br\\\/?s={search_term_string}\"},\"query-input\":{\"@type\":\"PropertyValueSpecification\",\"valueRequired\":true,\"valueName\":\"search_term_string\"}}],\"inLanguage\":\"pt-BR\"},{\"@type\":\"Person\",\"@id\":\"https:\\\/\\\/www.maapprogram.org\\\/pt-br\\\/#\\\/schema\\\/person\\\/2f7133e3c0723ceecd6dabc9b4f198ce\",\"name\":\"MAAP Consultants\",\"image\":{\"@type\":\"ImageObject\",\"inLanguage\":\"pt-BR\",\"@id\":\"https:\\\/\\\/secure.gravatar.com\\\/avatar\\\/5889bd7805b73b186236cf81236e7511b08707f4115893e4569c33d93f127911?s=96&d=mm&r=g\",\"url\":\"https:\\\/\\\/secure.gravatar.com\\\/avatar\\\/5889bd7805b73b186236cf81236e7511b08707f4115893e4569c33d93f127911?s=96&d=mm&r=g\",\"contentUrl\":\"https:\\\/\\\/secure.gravatar.com\\\/avatar\\\/5889bd7805b73b186236cf81236e7511b08707f4115893e4569c33d93f127911?s=96&d=mm&r=g\",\"caption\":\"MAAP Consultants\"},\"url\":\"https:\\\/\\\/www.maapprogram.org\\\/pt-br\\\/author\\\/maapconsultants\\\/\"}]}<\/script>\n<!-- \/ Yoast SEO plugin. -->","yoast_head_json":{"title":"MAAP #56: Grandes inunda\u00e7\u00f5es no norte do Peru causadas pelo fen\u00f4meno El Ni\u00f1o costeiro - MAAP","robots":{"index":"index","follow":"follow","max-snippet":"max-snippet:-1","max-image-preview":"max-image-preview:large","max-video-preview":"max-video-preview:-1"},"canonical":"https:\/\/www.maapprogram.org\/pt-br\/maap-56-portugues\/","og_locale":"pt_BR","og_type":"article","og_title":"MAAP #56: Grandes inunda\u00e7\u00f5es no norte do Peru causadas pelo fen\u00f4meno El Ni\u00f1o costeiro - MAAP","og_description":"Chuvas intensas est\u00e3o causando inunda\u00e7\u00f5es graves e mortais ao longo da costa norte do Peru. A causa provavelmente \u00e9 o \u201cEl Ni\u00f1o costeiro\u201d, um fen\u00f4meno produzido pelo aquecimento anormal do oceano ao longo da costa equatorial do Oceano Pac\u00edfico. A Imagem 56\u00a0mostra uma estimativa preliminar das \u00e1reas inundadas ao longo da costa norte (em vermelho). [&hellip;]","og_url":"https:\/\/www.maapprogram.org\/pt-br\/maap-56-portugues\/","og_site_name":"MAAP","article_published_time":"2017-04-03T12:59:00+00:00","article_modified_time":"2024-09-27T13:50:20+00:00","og_image":[{"url":"https:\/\/www.maapprogram.org\/wp-content\/uploads\/2017\/03\/MAAP_Floods_0_v1_en.jpg","type":"","width":"","height":""}],"author":"MAAP Consultants","twitter_card":"summary_large_image","twitter_misc":{"Escrito por":"MAAP Consultants","Est. tempo de leitura":"3 minutos"},"schema":{"@context":"https:\/\/schema.org","@graph":[{"@type":"Article","@id":"https:\/\/www.maapprogram.org\/pt-br\/maap-56-portugues\/#article","isPartOf":{"@id":"https:\/\/www.maapprogram.org\/pt-br\/maap-56-portugues\/"},"author":{"name":"MAAP Consultants","@id":"https:\/\/www.maapprogram.org\/pt-br\/#\/schema\/person\/2f7133e3c0723ceecd6dabc9b4f198ce"},"headline":"MAAP #56: Grandes inunda\u00e7\u00f5es no norte do Peru causadas pelo fen\u00f4meno El Ni\u00f1o costeiro","datePublished":"2017-04-03T12:59:00+00:00","dateModified":"2024-09-27T13:50:20+00:00","mainEntityOfPage":{"@id":"https:\/\/www.maapprogram.org\/pt-br\/maap-56-portugues\/"},"wordCount":315,"commentCount":0,"image":{"@id":"https:\/\/www.maapprogram.org\/pt-br\/maap-56-portugues\/#primaryimage"},"thumbnailUrl":"https:\/\/www.maapprogram.org\/wp-content\/uploads\/2017\/03\/MAAP_Floods_0_v1_en.jpg","articleSection":["N\u00e3o categorizado"],"inLanguage":"pt-BR","potentialAction":[{"@type":"CommentAction","name":"Comment","target":["https:\/\/www.maapprogram.org\/pt-br\/maap-56-portugues\/#respond"]}]},{"@type":"WebPage","@id":"https:\/\/www.maapprogram.org\/pt-br\/maap-56-portugues\/","url":"https:\/\/www.maapprogram.org\/pt-br\/maap-56-portugues\/","name":"MAAP #56: Grandes inunda\u00e7\u00f5es no norte do Peru causadas pelo fen\u00f4meno El Ni\u00f1o costeiro - MAAP","isPartOf":{"@id":"https:\/\/www.maapprogram.org\/pt-br\/#website"},"primaryImageOfPage":{"@id":"https:\/\/www.maapprogram.org\/pt-br\/maap-56-portugues\/#primaryimage"},"image":{"@id":"https:\/\/www.maapprogram.org\/pt-br\/maap-56-portugues\/#primaryimage"},"thumbnailUrl":"https:\/\/www.maapprogram.org\/wp-content\/uploads\/2017\/03\/MAAP_Floods_0_v1_en.jpg","datePublished":"2017-04-03T12:59:00+00:00","dateModified":"2024-09-27T13:50:20+00:00","author":{"@id":"https:\/\/www.maapprogram.org\/pt-br\/#\/schema\/person\/2f7133e3c0723ceecd6dabc9b4f198ce"},"breadcrumb":{"@id":"https:\/\/www.maapprogram.org\/pt-br\/maap-56-portugues\/#breadcrumb"},"inLanguage":"pt-BR","potentialAction":[{"@type":"ReadAction","target":["https:\/\/www.maapprogram.org\/pt-br\/maap-56-portugues\/"]}]},{"@type":"ImageObject","inLanguage":"pt-BR","@id":"https:\/\/www.maapprogram.org\/pt-br\/maap-56-portugues\/#primaryimage","url":"https:\/\/www.maapprogram.org\/wp-content\/uploads\/2017\/03\/MAAP_Floods_0_v1_en.jpg","contentUrl":"https:\/\/www.maapprogram.org\/wp-content\/uploads\/2017\/03\/MAAP_Floods_0_v1_en.jpg"},{"@type":"BreadcrumbList","@id":"https:\/\/www.maapprogram.org\/pt-br\/maap-56-portugues\/#breadcrumb","itemListElement":[{"@type":"ListItem","position":1,"name":"Home","item":"https:\/\/www.maapprogram.org\/pt-br\/"},{"@type":"ListItem","position":2,"name":"MAAP #56: Grandes inunda\u00e7\u00f5es no norte do Peru causadas pelo fen\u00f4meno El Ni\u00f1o costeiro"}]},{"@type":"WebSite","@id":"https:\/\/www.maapprogram.org\/pt-br\/#website","url":"https:\/\/www.maapprogram.org\/pt-br\/","name":"MAAP","description":"","potentialAction":[{"@type":"SearchAction","target":{"@type":"EntryPoint","urlTemplate":"https:\/\/www.maapprogram.org\/pt-br\/?s={search_term_string}"},"query-input":{"@type":"PropertyValueSpecification","valueRequired":true,"valueName":"search_term_string"}}],"inLanguage":"pt-BR"},{"@type":"Person","@id":"https:\/\/www.maapprogram.org\/pt-br\/#\/schema\/person\/2f7133e3c0723ceecd6dabc9b4f198ce","name":"MAAP Consultants","image":{"@type":"ImageObject","inLanguage":"pt-BR","@id":"https:\/\/secure.gravatar.com\/avatar\/5889bd7805b73b186236cf81236e7511b08707f4115893e4569c33d93f127911?s=96&d=mm&r=g","url":"https:\/\/secure.gravatar.com\/avatar\/5889bd7805b73b186236cf81236e7511b08707f4115893e4569c33d93f127911?s=96&d=mm&r=g","contentUrl":"https:\/\/secure.gravatar.com\/avatar\/5889bd7805b73b186236cf81236e7511b08707f4115893e4569c33d93f127911?s=96&d=mm&r=g","caption":"MAAP Consultants"},"url":"https:\/\/www.maapprogram.org\/pt-br\/author\/maapconsultants\/"}]}},"_links":{"self":[{"href":"https:\/\/www.maapprogram.org\/pt-br\/wp-json\/wp\/v2\/posts\/24104","targetHints":{"allow":["GET"]}}],"collection":[{"href":"https:\/\/www.maapprogram.org\/pt-br\/wp-json\/wp\/v2\/posts"}],"about":[{"href":"https:\/\/www.maapprogram.org\/pt-br\/wp-json\/wp\/v2\/types\/post"}],"author":[{"embeddable":true,"href":"https:\/\/www.maapprogram.org\/pt-br\/wp-json\/wp\/v2\/users\/4"}],"replies":[{"embeddable":true,"href":"https:\/\/www.maapprogram.org\/pt-br\/wp-json\/wp\/v2\/comments?post=24104"}],"version-history":[{"count":1,"href":"https:\/\/www.maapprogram.org\/pt-br\/wp-json\/wp\/v2\/posts\/24104\/revisions"}],"predecessor-version":[{"id":24105,"href":"https:\/\/www.maapprogram.org\/pt-br\/wp-json\/wp\/v2\/posts\/24104\/revisions\/24105"}],"wp:attachment":[{"href":"https:\/\/www.maapprogram.org\/pt-br\/wp-json\/wp\/v2\/media?parent=24104"}],"wp:term":[{"taxonomy":"category","embeddable":true,"href":"https:\/\/www.maapprogram.org\/pt-br\/wp-json\/wp\/v2\/categories?post=24104"},{"taxonomy":"post_tag","embeddable":true,"href":"https:\/\/www.maapprogram.org\/pt-br\/wp-json\/wp\/v2\/tags?post=24104"},{"taxonomy":"ftr_agriculture","embeddable":true,"href":"https:\/\/www.maapprogram.org\/pt-br\/wp-json\/wp\/v2\/ftr_agriculture?post=24104"},{"taxonomy":"carbon-and-climate-change","embeddable":true,"href":"https:\/\/www.maapprogram.org\/pt-br\/wp-json\/wp\/v2\/carbon-and-climate-change?post=24104"},{"taxonomy":"ftr_country","embeddable":true,"href":"https:\/\/www.maapprogram.org\/pt-br\/wp-json\/wp\/v2\/ftr_country?post=24104"},{"taxonomy":"fire","embeddable":true,"href":"https:\/\/www.maapprogram.org\/pt-br\/wp-json\/wp\/v2\/fire?post=24104"},{"taxonomy":"infrastructure-threat","embeddable":true,"href":"https:\/\/www.maapprogram.org\/pt-br\/wp-json\/wp\/v2\/infrastructure-threat?post=24104"},{"taxonomy":"land-use","embeddable":true,"href":"https:\/\/www.maapprogram.org\/pt-br\/wp-json\/wp\/v2\/land-use?post=24104"},{"taxonomy":"mining-and-logging-threat","embeddable":true,"href":"https:\/\/www.maapprogram.org\/pt-br\/wp-json\/wp\/v2\/mining-and-logging-threat?post=24104"},{"taxonomy":"natural-forest-loss","embeddable":true,"href":"https:\/\/www.maapprogram.org\/pt-br\/wp-json\/wp\/v2\/natural-forest-loss?post=24104"},{"taxonomy":"special-analysis","embeddable":true,"href":"https:\/\/www.maapprogram.org\/pt-br\/wp-json\/wp\/v2\/special-analysis?post=24104"}],"curies":[{"name":"wp","href":"https:\/\/api.w.org\/{rel}","templated":true}]}}